{"id":941,"date":"2019-03-18T12:32:34","date_gmt":"2019-03-18T11:32:34","guid":{"rendered":"https:\/\/hsg.schwerte.de\/?p=941"},"modified":"2019-03-18T12:32:35","modified_gmt":"2019-03-18T11:32:35","slug":"keine-probleme-fuer-die-hsg","status":"publish","type":"post","link":"https:\/\/hsg.schwerte.de\/index.php\/2019\/03\/18\/keine-probleme-fuer-die-hsg\/","title":{"rendered":"Keine Probleme f\u00fcr die HSG"},"content":{"rendered":"\n<figure class=\"wp-block-image\"><img decoding=\"async\" src=\"blob:https:\/\/hsg.schwerte.de\/da0908f4-f255-4dfb-b79a-6cf2224fb9f2\" alt=\"\"\/><\/figure>\n\n\n\n<div class=\"wp-block-image\"><figure class=\"aligncenter\"><img loading=\"lazy\" decoding=\"async\" width=\"860\" height=\"572\" src=\"https:\/\/hsg.schwerte.de\/wp-content\/uploads\/2019\/03\/tim-decker-kam-mit-der-hsg-schwertewesthofen-am-samstag-zu-1742965.jpg\" alt=\"\" class=\"wp-image-942\" srcset=\"https:\/\/hsg.schwerte.de\/wp-content\/uploads\/2019\/03\/tim-decker-kam-mit-der-hsg-schwertewesthofen-am-samstag-zu-1742965.jpg 860w, https:\/\/hsg.schwerte.de\/wp-content\/uploads\/2019\/03\/tim-decker-kam-mit-der-hsg-schwertewesthofen-am-samstag-zu-1742965-300x200.jpg 300w, https:\/\/hsg.schwerte.de\/wp-content\/uploads\/2019\/03\/tim-decker-kam-mit-der-hsg-schwertewesthofen-am-samstag-zu-1742965-768x511.jpg 768w, https:\/\/hsg.schwerte.de\/wp-content\/uploads\/2019\/03\/tim-decker-kam-mit-der-hsg-schwertewesthofen-am-samstag-zu-1742965-220x146.jpg 220w, https:\/\/hsg.schwerte.de\/wp-content\/uploads\/2019\/03\/tim-decker-kam-mit-der-hsg-schwertewesthofen-am-samstag-zu-1742965-50x33.jpg 50w, https:\/\/hsg.schwerte.de\/wp-content\/uploads\/2019\/03\/tim-decker-kam-mit-der-hsg-schwertewesthofen-am-samstag-zu-1742965-113x75.jpg 113w\" sizes=\"auto, (max-width: 860px) 100vw, 860px\" \/><figcaption> <br>Tim Decker kam mit der HSG Schwerte\/Westhofen am Samstag zu einem klaren 31:18-Erfolg gegen die HSG L\u00fcdenscheid. Der Kreisl\u00e4ufer steuerte zwei Treffer zum sicheren Sieg bei.\u00a0<br><em>\u00a9 Bernd Paulitschke<\/em> <\/figcaption><\/figure><\/div>\n\n\n<p class=\"intro\">Die HSG Schwerte\/Westhofen kam in der Handball-Landesliga gegen die HSG L\u00fcdenscheid zu einem klaren 31:18-Sieg.\u00a0<\/p>\n<div class=\"StoryShowHeaderMeta\">\n<div class=\"TopLine\">\u00a0<\/div>\n<\/div>\n<p><em>von Markus Leyk<\/em><\/p>\n<p>\u00a0<\/p>\n<h3 class=\"StoryImTitle\">HSG Schwerte\/Westhofen &#8211; HSG L\u00fcdenscheid 31:18 (17:7)<\/h3>\n<p>Trainer Mischa Quass zeigte sich nach der Partie gegen die HSG L\u00fcdenscheid sehr zufrieden mit der Leistung seines Teams. \u201eEs war eine sehr konzentrierte Leistung und guter Auftritt von unserer Seite. Kein Vergleich zu unserer Partie gegen Olpe \u201c, so Quass nach dem Spiel. Am Ende stand ein deutlicher 31:18-Sieg f\u00fcr die HSG Schwerte\/Westhofen zu Buche.<\/p>\n<p>Nur zu Beginn der Partie konnte der Gast einigerma\u00dfen mithalten. L\u00fcdenscheid, mit nur acht Feldspielern angetreten, ging mit 1:0 in F\u00fchrung. Es sollte die einzige F\u00fchrung der Sauerl\u00e4nder bleiben. Bis zur zehnten Minute war es ein st\u00e4ndiges Hin und Her. Doch dann wurde Schwerte\/Westhofen immer st\u00e4rker. Die Abwehr stand sicher und im Angriff war es immer wieder Toni Mrcela, der f\u00fcnf seiner insgesamt sieben Tore in Halbzeit eins erzielte. Nachdem 8:6 (12.) kassierte das Quass-Team nur noch einen Treffer bis zur Pause und zog Tor um Tor weg. Als beide Teams in die Kabine gingen f\u00fchrte der Gastgeber bereits mit 17:7.<\/p>\n<p>In der zweiten H\u00e4lfte verwaltete Schwerte\/Westhofen ein wenig ohne in Gefahr zu kommen, die Partie aus der Hand zu geben. Auch als man fast neun Minuten keinen eigenen Treffer erzielte, kam L\u00fcdenscheid nicht entscheidend heran. \u201eDa haben wir ein wenig mit der Konzentration nachgelassen. Aber da wir hoch f\u00fchrten, fiel dieses nicht weiter ins Gewicht\u201c, schilderte der Trainer diese Minuten. Den Schlusspunkt unter eine einseitigen Partie setzte Tim Schl\u00fctz mit seinem dritten Treffer.<\/p>\n<p>Die HSG Schwerte\/Westhofen hat mit diesem Sieg Platz drei in der Tabelle gesichert. Die Konzentration gilt nun dem Derby gegen die HVE Villigst-Ergste am kommenden Wochenende. \u201eWir werden uns wie auf jedes Spiel vorbereiten. Bei der Tabellenkonstellation Zweiter gegen Dritter erwarte ich eine interessante Partie. Und eine volle Halle sollte Motivation genug sein\u201c, freut sich Quass auf den kommenden Samstag.<\/p>\n<p><strong>Schwerte\/Westhofen<\/strong>: Daniel Evangelou, Mike Kr\u00fcner &#8211; Tim Gurol (3\/1), Nico Paukstadt (5\/4), Alexandr Denissov (4), Toni Mrcela (7), Tim Decker (2), Tim Schl\u00fctz (3), Dominik Th\u00e4sler (2), Niklas Linnemann, Christoph K\u00e4mper (5).<\/p>\n<p>\u00a0<\/p>\n<p><strong>Quelle: <a href=\"https:\/\/www.ruhrnachrichten.de\/lokalsport\/keine-probleme-fuer-die-hsg-aber-die-hve-hat-mehr-muehe-als-erwartet-1386397.html\"><span style=\"color: #ff0000;\">Ruhrnachrichten<\/span><\/a><\/strong><\/p>\n\n\n<p><\/p>\n","protected":false},"excerpt":{"rendered":"<p>Die HSG Schwerte\/Westhofen kam in der Handball-Landesliga gegen die HSG L\u00fcdenscheid zu einem klaren 31:18-Sieg.\u00a0<\/p>\n","protected":false},"author":3,"featured_media":942,"comment_status":"open","ping_status":"open","sticky":false,"template":"","format":"standard","meta":{"footnotes":""},"categories":[2,31],"tags":[],"class_list":["post-941","post","type-post","status-publish","format-standard","has-post-thumbnail","hentry","category-1-herren18-19","category-saison_18_19"],"_links":{"self":[{"href":"https:\/\/hsg.schwerte.de\/index.php\/wp-json\/wp\/v2\/posts\/941","targetHints":{"allow":["GET"]}}],"collection":[{"href":"https:\/\/hsg.schwerte.de\/index.php\/wp-json\/wp\/v2\/posts"}],"about":[{"href":"https:\/\/hsg.schwerte.de\/index.php\/wp-json\/wp\/v2\/types\/post"}],"author":[{"embeddable":true,"href":"https:\/\/hsg.schwerte.de\/index.php\/wp-json\/wp\/v2\/users\/3"}],"replies":[{"embeddable":true,"href":"https:\/\/hsg.schwerte.de\/index.php\/wp-json\/wp\/v2\/comments?post=941"}],"version-history":[{"count":3,"href":"https:\/\/hsg.schwerte.de\/index.php\/wp-json\/wp\/v2\/posts\/941\/revisions"}],"predecessor-version":[{"id":945,"href":"https:\/\/hsg.schwerte.de\/index.php\/wp-json\/wp\/v2\/posts\/941\/revisions\/945"}],"wp:featuredmedia":[{"embeddable":true,"href":"https:\/\/hsg.schwerte.de\/index.php\/wp-json\/wp\/v2\/media\/942"}],"wp:attachment":[{"href":"https:\/\/hsg.schwerte.de\/index.php\/wp-json\/wp\/v2\/media?parent=941"}],"wp:term":[{"taxonomy":"category","embeddable":true,"href":"https:\/\/hsg.schwerte.de\/index.php\/wp-json\/wp\/v2\/categories?post=941"},{"taxonomy":"post_tag","embeddable":true,"href":"https:\/\/hsg.schwerte.de\/index.php\/wp-json\/wp\/v2\/tags?post=941"}],"curies":[{"name":"wp","href":"https:\/\/api.w.org\/{rel}","templated":true}]}}