{"id":3510,"date":"2026-02-04T13:52:17","date_gmt":"2026-02-04T12:52:17","guid":{"rendered":"https:\/\/hsg.schwerte.de\/?p=3510"},"modified":"2026-02-04T14:00:39","modified_gmt":"2026-02-04T13:00:39","slug":"team-der-hsg-schwerte-westhofen-bleibt-mit-einer-ausnahme-zusammen-neuzugang-aus-bergkamen","status":"publish","type":"post","link":"https:\/\/hsg.schwerte.de\/index.php\/2026\/02\/04\/team-der-hsg-schwerte-westhofen-bleibt-mit-einer-ausnahme-zusammen-neuzugang-aus-bergkamen\/","title":{"rendered":"Team der HSG Schwerte\/Westhofen bleibt mit einer Ausnahme zusammen,\u00a0Neuzugang aus Bergkamen"},"content":{"rendered":"\n<p><strong>Neuer Trainer, fast dieselbe Mannschaft &#8211; auf dem Spielerinnensektor der HSG Schwerte\/Westhofen wird es zur n\u00e4chsten Saison kaum Ver\u00e4nderungen geben.<\/strong><\/p>\n\n\n\n<p>Auf der Trainerbank der Handballerinnen der HSG Schwerte\/Westhofen wird es zur n\u00e4chsten Saison einen Wechsel geben. Martin Halberstadt tritt die Nachfolge von Peter Hengstenberg an, der aus freien St\u00fccken aufh\u00f6rt &#8211; diese Personalie hatten die HSG-Verantwortlichen schon vor gut zwei Monaten publik gemacht.<\/p>\n\n\n\n<p>Aber nicht nur in der Trainerfrage herrscht Klarheit f\u00fcr die n\u00e4chste Saison. Denn auch auf dem Spielerinnensektor sind die W\u00fcrfel f\u00fcr die Spielzeit 2026\/27 zumindest weitgehend gefallen.<\/p>\n\n\n\n<p>\u201eMit einer Ausnahme haben alle Spielerinnen des aktuellen Kaders zugesagt\u201c, verk\u00fcndete Stefan Leupold in seiner Funktion als Handball-Abteilungsleiter der TG Westhofen, einem der beiden HSG-Stammvereine.<\/p>\n\n\n\n<p><strong>Vicky Wolff h\u00f6rt auf<\/strong><\/p>\n\n\n\n<p>Die einzige Spielerin des aktuellen Kaders, auf die die HSG in der Spielzeit 2026\/27 nicht mehr bauen kann, ist Kreisl\u00e4uferin Vicky Wolff. Sie wird sich nach Aussage von Stefan Leupold aber keinem anderen Verein anschlie\u00dfen, sondern will ihre Handballschuhe aus zeitlichen Gr\u00fcnden an den Nagel h\u00e4ngen.<\/p>\n\n\n\n<figure class=\"wp-block-image size-large\"><img loading=\"lazy\" decoding=\"async\" width=\"1024\" height=\"683\" src=\"https:\/\/hsg.schwerte.de\/wp-content\/uploads\/2026\/02\/Vicky-Wolff-1-1024x683.jpg\" alt=\"\" class=\"wp-image-3518\" srcset=\"https:\/\/hsg.schwerte.de\/wp-content\/uploads\/2026\/02\/Vicky-Wolff-1-1024x683.jpg 1024w, https:\/\/hsg.schwerte.de\/wp-content\/uploads\/2026\/02\/Vicky-Wolff-1-300x200.jpg 300w, https:\/\/hsg.schwerte.de\/wp-content\/uploads\/2026\/02\/Vicky-Wolff-1-768x512.jpg 768w, https:\/\/hsg.schwerte.de\/wp-content\/uploads\/2026\/02\/Vicky-Wolff-1-1536x1024.jpg 1536w, https:\/\/hsg.schwerte.de\/wp-content\/uploads\/2026\/02\/Vicky-Wolff-1-219x146.jpg 219w, https:\/\/hsg.schwerte.de\/wp-content\/uploads\/2026\/02\/Vicky-Wolff-1-50x33.jpg 50w, https:\/\/hsg.schwerte.de\/wp-content\/uploads\/2026\/02\/Vicky-Wolff-1-113x75.jpg 113w, https:\/\/hsg.schwerte.de\/wp-content\/uploads\/2026\/02\/Vicky-Wolff-1.jpg 1920w\" sizes=\"auto, (max-width: 1024px) 100vw, 1024px\" \/><figcaption class=\"wp-element-caption\">Vicky Wolff (beim Wurf) hat angek\u00fcndigt, am Saisonende aufzuh\u00f6ren.\u00a9 Manuela Schwerte<\/figcaption><\/figure>\n\n\n\n<p>Alle anderen Spielerinnen aber bleiben an Bord &#8211; plus eine weitere Spielerin, die seit vergangener Woche neu bei der HSG ist: Justine Rui (23) verst\u00e4rkt die Schwerterinnen auf der Linksau\u00dfen-Position. Rui kommt vom HC Tura Bergkamen, dessen Mannschaft sich aufgel\u00f6st hat. Der Verein hat das Regionalliga-Team aus dem Spielbetrieb zur\u00fcckgezogen.<\/p>\n\n\n\n<p>Zur\u00fcck zum Personal-Update der HSG: Schon vor Weihnachten habe sich der neue Trainer, Martin Halberstadt, der Mannschaft vorgestellt. \u201eDaraufhin haben alle zugesagt\u201c, berichtet Leupold.<\/p>\n\n\n\n<p><strong>Hengstenberg und Halberstadt im regen Austausch<\/strong><\/p>\n\n\n\n<p>Halberstadt werde aber erst nach dem Ende der laufenden Saison das Zepter \u00fcbernehmen, betont Leupold &#8211; die laufende Oberliga-Saison, in der die HSG Schwerte\/ Westhofen aktuell auf dem dritten Tabellenplatz steht, wird Peter Hengstenberg ganz normal zu Ende bringen. \u201eAber nat\u00fcrlich stehen die beiden jetzt schon in einem regen Austausch\u201c, so der Westhofener Handball-Abteilungsleiter.<\/p>\n\n\n\n<p>Und wie sieht es mit Neuzug\u00e4ngen aus bei der HSG? \u201ePunktuelle Verst\u00e4rkungen\u201c habe man im Visier, sagt Stefan Leupold. Zu vermelden gebe es in dieser Hinsicht aber noch nichts.<\/p>\n\n\n\n<p>Ruhr Nachrichten 27.01.2026, von Michael D\u00f6tsch\u00a0<\/p>\n","protected":false},"excerpt":{"rendered":"<p>Neuer Trainer, fast dieselbe Mannschaft &#8211; auf dem Spielerinnensektor der HSG Schwerte\/Westhofen wird es zur<span class=\"excerpt-hellip\"> [\u2026]<\/span><\/p>\n","protected":false},"author":13,"featured_media":3511,"comment_status":"closed","ping_status":"open","sticky":false,"template":"","format":"standard","meta":{"footnotes":""},"categories":[1],"tags":[],"class_list":["post-3510","post","type-post","status-publish","format-standard","has-post-thumbnail","hentry","category-allgemein"],"_links":{"self":[{"href":"https:\/\/hsg.schwerte.de\/index.php\/wp-json\/wp\/v2\/posts\/3510","targetHints":{"allow":["GET"]}}],"collection":[{"href":"https:\/\/hsg.schwerte.de\/index.php\/wp-json\/wp\/v2\/posts"}],"about":[{"href":"https:\/\/hsg.schwerte.de\/index.php\/wp-json\/wp\/v2\/types\/post"}],"author":[{"embeddable":true,"href":"https:\/\/hsg.schwerte.de\/index.php\/wp-json\/wp\/v2\/users\/13"}],"replies":[{"embeddable":true,"href":"https:\/\/hsg.schwerte.de\/index.php\/wp-json\/wp\/v2\/comments?post=3510"}],"version-history":[{"count":4,"href":"https:\/\/hsg.schwerte.de\/index.php\/wp-json\/wp\/v2\/posts\/3510\/revisions"}],"predecessor-version":[{"id":3520,"href":"https:\/\/hsg.schwerte.de\/index.php\/wp-json\/wp\/v2\/posts\/3510\/revisions\/3520"}],"wp:featuredmedia":[{"embeddable":true,"href":"https:\/\/hsg.schwerte.de\/index.php\/wp-json\/wp\/v2\/media\/3511"}],"wp:attachment":[{"href":"https:\/\/hsg.schwerte.de\/index.php\/wp-json\/wp\/v2\/media?parent=3510"}],"wp:term":[{"taxonomy":"category","embeddable":true,"href":"https:\/\/hsg.schwerte.de\/index.php\/wp-json\/wp\/v2\/categories?post=3510"},{"taxonomy":"post_tag","embeddable":true,"href":"https:\/\/hsg.schwerte.de\/index.php\/wp-json\/wp\/v2\/tags?post=3510"}],"curies":[{"name":"wp","href":"https:\/\/api.w.org\/{rel}","templated":true}]}}