{"id":3324,"date":"2025-07-27T14:53:48","date_gmt":"2025-07-27T13:53:48","guid":{"rendered":"https:\/\/hsg.schwerte.de\/?p=3324"},"modified":"2025-07-27T14:53:49","modified_gmt":"2025-07-27T13:53:49","slug":"saisonabschluss-der-e-jugend","status":"publish","type":"post","link":"https:\/\/hsg.schwerte.de\/index.php\/2025\/07\/27\/saisonabschluss-der-e-jugend\/","title":{"rendered":"Saisonabschlu\u00df der E-Jugend"},"content":{"rendered":"\n<p><a><\/a>Am Samstag trafen sich \u00fcber 20 Kinder und 30 Erwachsene um gemeinsam den Saisonabschluss 2024\/2025 zu feiern.<\/p>\n\n\n\n<p>Das Highlight des Tages war das Spiel &#8222;Klein gegen Gro\u00df&#8220;!<\/p>\n\n\n\n<p>Nach einem kurzen Aufw\u00e4rmprogramm ging es los.<\/p>\n\n\n\n<p>50 Minuten lang versuchten die Eltern alles um zu gewinnen, am Ende wurde es sehr knapp.<\/p>\n\n\n\n<p>Die Kinder haben unter Anleitung von Trainerin Kim Becker ihr K\u00f6nnen unter Beweis gestellt und konnten oft durch die Abwehr der Eltern flitzen. Es war auf beiden Seiten ein faires Spiel, trotzdem war eine gewisse H\u00e4rte zu sehen. Einem Kind wurde sogar ein Schuh ausgezogen, um ihn so am Weiterspielen zu hindern. Schiedsrichter Yogi Nickolay, musste in der Situation sogar eine gelbe Karte z\u00fccken.<\/p>\n\n\n\n<p>Kurz vor Schluss hatte die Trainerin Katharina Nickolay noch die M\u00f6glichkeit f\u00fcr die Eltern ein Unentschieden zu erreichen, aber da das Tor von 22 Kinder geh\u00fctet wurde, landete der Ball nicht im Netz.<\/p>\n\n\n\n<p>Zum Anpfiff stand es verdient 18:17 f\u00fcr die Kinder!<\/p>\n\n\n\n<p>Nach der ganzen Anstrengung auf dem Feld wurde der Tag mit Pizza und kalten Getr\u00e4nken f\u00fcr alle Teilnehmer abgerundet.<\/p>\n\n\n\n<p>Selbstverst\u00e4ndlich gab es f\u00fcr die Kids noch ein kleines Abschlussgeschenk, da sich nun die \u00e4lteren aus der E-Jugend in die D-Jugend verabschieden.<\/p>\n\n\n\n<p>In der n\u00e4chsten Saison wird es bei der HSG Schwerte-Westhofen eine m\u00e4nnliche E, eine m\u00e4nnliche D und eine weibliche D-Jugend geben.<\/p>\n\n\n\n<p>Interessierte Kinder sind herzlich zum Probetraining eingeladen.<\/p>\n\n\n\n<p><a href=\"https:\/\/www.facebook.com\/hashtag\/wirvomappelhof?__eep__=6&amp;__cft__[0]=AZUERHuhSmpJyzOvIq9mjvvZ2y9OhAb4h5ZWU1M0UfYgOXnp7nHJEHvUqU2JjG-M8-CPUJ1tK6VjErw91LYLGny8x13sde-5R9T542iJCjkZqR9wUGv-8sQHDkoaTvrMoHRJQBKSkZEqh_O4i8xj3JdIIYGJ5zZDcJaOQCUItKa0x0C53cKhsqUzI488wxygPB4&amp;__tn__=*NK-R\">#wirvomappelhof<\/a><a href=\"https:\/\/www.facebook.com\/hashtag\/hsgschwertewesthofen?__eep__=6&amp;__cft__[0]=AZUERHuhSmpJyzOvIq9mjvvZ2y9OhAb4h5ZWU1M0UfYgOXnp7nHJEHvUqU2JjG-M8-CPUJ1tK6VjErw91LYLGny8x13sde-5R9T542iJCjkZqR9wUGv-8sQHDkoaTvrMoHRJQBKSkZEqh_O4i8xj3JdIIYGJ5zZDcJaOQCUItKa0x0C53cKhsqUzI488wxygPB4&amp;__tn__=*NK-R\">#hsgschwertewesthofen<\/a><a href=\"https:\/\/www.facebook.com\/hashtag\/kinderhandball?__eep__=6&amp;__cft__[0]=AZUERHuhSmpJyzOvIq9mjvvZ2y9OhAb4h5ZWU1M0UfYgOXnp7nHJEHvUqU2JjG-M8-CPUJ1tK6VjErw91LYLGny8x13sde-5R9T542iJCjkZqR9wUGv-8sQHDkoaTvrMoHRJQBKSkZEqh_O4i8xj3JdIIYGJ5zZDcJaOQCUItKa0x0C53cKhsqUzI488wxygPB4&amp;__tn__=*NK-R\">#kinderhandball<\/a><\/p>\n\n\n\n<figure class=\"wp-block-gallery has-nested-images columns-default is-cropped wp-block-gallery-1 is-layout-flex wp-block-gallery-is-layout-flex\">\n<figure class=\"wp-block-image size-large\"><img loading=\"lazy\" decoding=\"async\" width=\"1024\" height=\"683\" data-id=\"3328\" src=\"https:\/\/hsg.schwerte.de\/wp-content\/uploads\/2025\/07\/Foto5-1024x683.jpg\" alt=\"\" class=\"wp-image-3328\" srcset=\"https:\/\/hsg.schwerte.de\/wp-content\/uploads\/2025\/07\/Foto5-1024x683.jpg 1024w, https:\/\/hsg.schwerte.de\/wp-content\/uploads\/2025\/07\/Foto5-300x200.jpg 300w, https:\/\/hsg.schwerte.de\/wp-content\/uploads\/2025\/07\/Foto5-768x512.jpg 768w, https:\/\/hsg.schwerte.de\/wp-content\/uploads\/2025\/07\/Foto5-1536x1024.jpg 1536w, https:\/\/hsg.schwerte.de\/wp-content\/uploads\/2025\/07\/Foto5-219x146.jpg 219w, https:\/\/hsg.schwerte.de\/wp-content\/uploads\/2025\/07\/Foto5-50x33.jpg 50w, https:\/\/hsg.schwerte.de\/wp-content\/uploads\/2025\/07\/Foto5-113x75.jpg 113w, https:\/\/hsg.schwerte.de\/wp-content\/uploads\/2025\/07\/Foto5.jpg 2048w\" sizes=\"auto, (max-width: 1024px) 100vw, 1024px\" \/><\/figure>\n\n\n\n<figure class=\"wp-block-image size-large\"><img loading=\"lazy\" decoding=\"async\" width=\"1024\" height=\"683\" data-id=\"3327\" src=\"https:\/\/hsg.schwerte.de\/wp-content\/uploads\/2025\/07\/Foto4-1024x683.jpg\" alt=\"\" class=\"wp-image-3327\" srcset=\"https:\/\/hsg.schwerte.de\/wp-content\/uploads\/2025\/07\/Foto4-1024x683.jpg 1024w, https:\/\/hsg.schwerte.de\/wp-content\/uploads\/2025\/07\/Foto4-300x200.jpg 300w, https:\/\/hsg.schwerte.de\/wp-content\/uploads\/2025\/07\/Foto4-768x512.jpg 768w, https:\/\/hsg.schwerte.de\/wp-content\/uploads\/2025\/07\/Foto4-1536x1024.jpg 1536w, https:\/\/hsg.schwerte.de\/wp-content\/uploads\/2025\/07\/Foto4-219x146.jpg 219w, https:\/\/hsg.schwerte.de\/wp-content\/uploads\/2025\/07\/Foto4-50x33.jpg 50w, https:\/\/hsg.schwerte.de\/wp-content\/uploads\/2025\/07\/Foto4-113x75.jpg 113w, https:\/\/hsg.schwerte.de\/wp-content\/uploads\/2025\/07\/Foto4.jpg 2048w\" sizes=\"auto, (max-width: 1024px) 100vw, 1024px\" \/><\/figure>\n\n\n\n<figure class=\"wp-block-image size-large\"><img loading=\"lazy\" decoding=\"async\" width=\"1024\" height=\"683\" data-id=\"3326\" src=\"https:\/\/hsg.schwerte.de\/wp-content\/uploads\/2025\/07\/Foto3-1024x683.jpg\" alt=\"\" class=\"wp-image-3326\" srcset=\"https:\/\/hsg.schwerte.de\/wp-content\/uploads\/2025\/07\/Foto3-1024x683.jpg 1024w, https:\/\/hsg.schwerte.de\/wp-content\/uploads\/2025\/07\/Foto3-300x200.jpg 300w, https:\/\/hsg.schwerte.de\/wp-content\/uploads\/2025\/07\/Foto3-768x512.jpg 768w, https:\/\/hsg.schwerte.de\/wp-content\/uploads\/2025\/07\/Foto3-1536x1024.jpg 1536w, https:\/\/hsg.schwerte.de\/wp-content\/uploads\/2025\/07\/Foto3-219x146.jpg 219w, https:\/\/hsg.schwerte.de\/wp-content\/uploads\/2025\/07\/Foto3-50x33.jpg 50w, https:\/\/hsg.schwerte.de\/wp-content\/uploads\/2025\/07\/Foto3-113x75.jpg 113w, https:\/\/hsg.schwerte.de\/wp-content\/uploads\/2025\/07\/Foto3.jpg 2048w\" sizes=\"auto, (max-width: 1024px) 100vw, 1024px\" \/><\/figure>\n\n\n\n<figure class=\"wp-block-image size-large\"><img loading=\"lazy\" decoding=\"async\" width=\"1024\" height=\"683\" data-id=\"3325\" src=\"https:\/\/hsg.schwerte.de\/wp-content\/uploads\/2025\/07\/Foto2-1024x683.jpg\" alt=\"\" class=\"wp-image-3325\" srcset=\"https:\/\/hsg.schwerte.de\/wp-content\/uploads\/2025\/07\/Foto2-1024x683.jpg 1024w, https:\/\/hsg.schwerte.de\/wp-content\/uploads\/2025\/07\/Foto2-300x200.jpg 300w, https:\/\/hsg.schwerte.de\/wp-content\/uploads\/2025\/07\/Foto2-768x512.jpg 768w, https:\/\/hsg.schwerte.de\/wp-content\/uploads\/2025\/07\/Foto2-1536x1024.jpg 1536w, https:\/\/hsg.schwerte.de\/wp-content\/uploads\/2025\/07\/Foto2-219x146.jpg 219w, https:\/\/hsg.schwerte.de\/wp-content\/uploads\/2025\/07\/Foto2-50x33.jpg 50w, https:\/\/hsg.schwerte.de\/wp-content\/uploads\/2025\/07\/Foto2-113x75.jpg 113w, https:\/\/hsg.schwerte.de\/wp-content\/uploads\/2025\/07\/Foto2.jpg 2048w\" sizes=\"auto, (max-width: 1024px) 100vw, 1024px\" \/><\/figure>\n<\/figure>\n","protected":false},"excerpt":{"rendered":"<p>Am Samstag trafen sich \u00fcber 20 Kinder und 30 Erwachsene um gemeinsam den Saisonabschluss 2024\/2025<span class=\"excerpt-hellip\"> [\u2026]<\/span><\/p>\n","protected":false},"author":6,"featured_media":3329,"comment_status":"closed","ping_status":"open","sticky":false,"template":"","format":"standard","meta":{"footnotes":""},"categories":[101,93],"tags":[],"class_list":["post-3324","post","type-post","status-publish","format-standard","has-post-thumbnail","hentry","category-gem-e-jugend-24-25","category-saison_24_25"],"_links":{"self":[{"href":"https:\/\/hsg.schwerte.de\/index.php\/wp-json\/wp\/v2\/posts\/3324","targetHints":{"allow":["GET"]}}],"collection":[{"href":"https:\/\/hsg.schwerte.de\/index.php\/wp-json\/wp\/v2\/posts"}],"about":[{"href":"https:\/\/hsg.schwerte.de\/index.php\/wp-json\/wp\/v2\/types\/post"}],"author":[{"embeddable":true,"href":"https:\/\/hsg.schwerte.de\/index.php\/wp-json\/wp\/v2\/users\/6"}],"replies":[{"embeddable":true,"href":"https:\/\/hsg.schwerte.de\/index.php\/wp-json\/wp\/v2\/comments?post=3324"}],"version-history":[{"count":1,"href":"https:\/\/hsg.schwerte.de\/index.php\/wp-json\/wp\/v2\/posts\/3324\/revisions"}],"predecessor-version":[{"id":3330,"href":"https:\/\/hsg.schwerte.de\/index.php\/wp-json\/wp\/v2\/posts\/3324\/revisions\/3330"}],"wp:featuredmedia":[{"embeddable":true,"href":"https:\/\/hsg.schwerte.de\/index.php\/wp-json\/wp\/v2\/media\/3329"}],"wp:attachment":[{"href":"https:\/\/hsg.schwerte.de\/index.php\/wp-json\/wp\/v2\/media?parent=3324"}],"wp:term":[{"taxonomy":"category","embeddable":true,"href":"https:\/\/hsg.schwerte.de\/index.php\/wp-json\/wp\/v2\/categories?post=3324"},{"taxonomy":"post_tag","embeddable":true,"href":"https:\/\/hsg.schwerte.de\/index.php\/wp-json\/wp\/v2\/tags?post=3324"}],"curies":[{"name":"wp","href":"https:\/\/api.w.org\/{rel}","templated":true}]}}