{"id":2206,"date":"2021-09-21T12:14:27","date_gmt":"2021-09-21T11:14:27","guid":{"rendered":"https:\/\/hsg.schwerte.de\/?p=2206"},"modified":"2021-09-21T12:14:28","modified_gmt":"2021-09-21T11:14:28","slug":"platz-eins-und-zwei-hsg-schwerte-westhofen-und-hve-villigst-ergste-rocken-die-liga","status":"publish","type":"post","link":"https:\/\/hsg.schwerte.de\/index.php\/2021\/09\/21\/platz-eins-und-zwei-hsg-schwerte-westhofen-und-hve-villigst-ergste-rocken-die-liga\/","title":{"rendered":"Platz eins und zwei: HSG Schwerte\/Westhofen und HVE Villigst-Ergste rocken die Liga"},"content":{"rendered":"\n<h3 class=\"wp-block-heading\">Was f\u00fcr ein Saisonstart! Nach zwei Spieltagen f\u00fchren die HSG Schwerte\/Westhofen und die HVE Villigst-Ergste die Handball-Verbandsligatabelle mit jeweils 4:0-Punkten an.<\/h3>\n\n\n\n<p><em>Schwerte, 19.09.2021 von Michael Doetsch<\/em><\/p>\n\n\n\n<p>Viel besser\nh\u00e4tte der Samstagabend aus Sicht des Schwerter&nbsp;\nHandball-Duos nicht laufen k\u00f6nnen.<\/p>\n\n\n\n<p style=\"text-align:center\"><strong>Schalke 04 \u2013 HSG\nSchwerte\/Westhofen 28:36 (19:18)<\/strong><\/p>\n\n\n\n<p>Was f\u00fcr ein\nSaisonstart! Dem 21:19-Auftaktsieg gegen Hohenlimburg lie\u00df die HSG\nSchwerte\/Westhofen eine Woche sp\u00e4ter einen vor allem in der H\u00f6he \u00fcberraschenden\n36:28-Erfolg \u201eauf Schalke\u201c folgen. Der Lohn daf\u00fcr: Die Schwerter stehen nach\nzwei Spieltagen an der Spitze der Verbandsliga-Tabelle.<\/p>\n\n\n\n<p>In der Gelsenkirchener Sporthalle Sch\u00fcrenkamp entwickelte am Samstagabend in der ersten Halbzeit ein wahres Torfestival mit st\u00e4ndig wechselnden F\u00fchrungen. Beim 16:12 (23.) schien sich Schalke etwas abzusetzen, doch als Tim Schl\u00fctz mit der letzten Aktion des ersten Spielabschnitts zum 18:19 aus HSG- Sicht traf, war der Anschluss wiederhergestellt.<\/p>\n\n\n\n<div class=\"wp-block-image\"><figure class=\"aligncenter is-resized\"><img loading=\"lazy\" decoding=\"async\" src=\"https:\/\/hsg.schwerte.de\/wp-content\/uploads\/2019\/09\/Toni-Mrcela-2.jpg\" alt=\"\" class=\"wp-image-1471\" width=\"443\" height=\"294\" srcset=\"https:\/\/hsg.schwerte.de\/wp-content\/uploads\/2019\/09\/Toni-Mrcela-2.jpg 860w, https:\/\/hsg.schwerte.de\/wp-content\/uploads\/2019\/09\/Toni-Mrcela-2-300x200.jpg 300w, https:\/\/hsg.schwerte.de\/wp-content\/uploads\/2019\/09\/Toni-Mrcela-2-768x511.jpg 768w, https:\/\/hsg.schwerte.de\/wp-content\/uploads\/2019\/09\/Toni-Mrcela-2-220x146.jpg 220w, https:\/\/hsg.schwerte.de\/wp-content\/uploads\/2019\/09\/Toni-Mrcela-2-50x33.jpg 50w, https:\/\/hsg.schwerte.de\/wp-content\/uploads\/2019\/09\/Toni-Mrcela-2-113x75.jpg 113w\" sizes=\"auto, (max-width: 443px) 100vw, 443px\" \/><figcaption> <br>Toni Mrcela trug mit 7 Toren zum Erfolg &#8222;auf Schalke&#8220; bei. Hier im Spiel gegen die HSG L\u00fcdenscheid.<br><em>\u00a9 Bernd\u00a0Paulitschke<\/em> <\/figcaption><\/figure><\/div>\n\n\n\n<p>Die Weichen in die richtige Richtung stellten die Schwerter dann wenige Minuten nach Wiederanpfiff. Aus einem 20:22-R\u00fcckstand machten Nico Paukstadt, Toni Mrcela (je 2), Tim Gurol und Alexandr Denissov mit sechs Toren in Folge eine 26:22-F\u00fchrung.<\/p>\n\n\n\n<p>Mindestens genauso wichtig wie die\ngute Torausbeute war gerade in dieser Phase aber die Steigerung im\nDefensivbereich. \u201eWir haben es nach der Halbzeit geschafft, in der Deckung\neinen besseren zugriff zu kriegen\u201c, stellte Trainer Tim Decker zufrieden fest.\nZudem erwies sich Daniel Evangelou, der nach rund 20 Minuten f\u00fcr den diesmal\ngl\u00fccklosen Hohenlimburg-Matchwinner Mike Kr\u00fcner zwischen die Pfosten gegangen\nwar, als echter R\u00fcckhalt.<\/p>\n\n\n\n<p>So lie\u00df die HSG in der\nSchlussviertelstunde nichts mehr anbrennen \u2013 im Gegenteil. Tor um Tor bauten\ndie Ruhrst\u00e4dter den Vorsprung bis auf acht Treffer Differenz aus und freuten\nsich am Ende \u00fcber die letztlich ungef\u00e4hrdet eingefahrenen Saisonpunkte drei und\nvier.<\/p>\n\n\n\n<p><strong>Schwerte\/Westhofen:<\/strong> Mike Kr\u00fcner, Daniel Evangelou &#8211; Louis Weinberger, Tim Gurol (8\/2),\nNiklas Loh\u00f6lter (1), Nico Pauk-stadt (2), Alexandr Denissov (4), Tim Schl\u00fctz\n(4), Toni Mrcela (7), Lennart Schwies (1), Bj\u00f6rn St\u00fcbe, Maximilian Kreul, S\u00f6nke\nBra\u00df (2), Luca Holzhauer (1), Christoph K\u00e4mper (6), Till Meiser.<\/p>\n\n\n\n<p><strong>Quelle: <a href=\"https:\/\/www.ruhrnachrichten.de\/lokalsport-schwerte\/platz-eins-und-zwei-hsg-schwertewesthofen-und-hve-villigst-ergste-rocken-die-liga-plus-1675695.html\">Ruhrnachrichten<\/a>\ufeff<\/strong><\/p>\n","protected":false},"excerpt":{"rendered":"<p>Was f\u00fcr ein Saisonstart! Nach zwei Spieltagen f\u00fchren die HSG Schwerte\/Westhofen und die HVE Villigst-Ergste<span class=\"excerpt-hellip\"> [\u2026]<\/span><\/p>\n","protected":false},"author":3,"featured_media":1471,"comment_status":"closed","ping_status":"open","sticky":false,"template":"","format":"standard","meta":{"footnotes":""},"categories":[1],"tags":[],"class_list":["post-2206","post","type-post","status-publish","format-standard","has-post-thumbnail","hentry","category-allgemein"],"_links":{"self":[{"href":"https:\/\/hsg.schwerte.de\/index.php\/wp-json\/wp\/v2\/posts\/2206","targetHints":{"allow":["GET"]}}],"collection":[{"href":"https:\/\/hsg.schwerte.de\/index.php\/wp-json\/wp\/v2\/posts"}],"about":[{"href":"https:\/\/hsg.schwerte.de\/index.php\/wp-json\/wp\/v2\/types\/post"}],"author":[{"embeddable":true,"href":"https:\/\/hsg.schwerte.de\/index.php\/wp-json\/wp\/v2\/users\/3"}],"replies":[{"embeddable":true,"href":"https:\/\/hsg.schwerte.de\/index.php\/wp-json\/wp\/v2\/comments?post=2206"}],"version-history":[{"count":1,"href":"https:\/\/hsg.schwerte.de\/index.php\/wp-json\/wp\/v2\/posts\/2206\/revisions"}],"predecessor-version":[{"id":2208,"href":"https:\/\/hsg.schwerte.de\/index.php\/wp-json\/wp\/v2\/posts\/2206\/revisions\/2208"}],"wp:featuredmedia":[{"embeddable":true,"href":"https:\/\/hsg.schwerte.de\/index.php\/wp-json\/wp\/v2\/media\/1471"}],"wp:attachment":[{"href":"https:\/\/hsg.schwerte.de\/index.php\/wp-json\/wp\/v2\/media?parent=2206"}],"wp:term":[{"taxonomy":"category","embeddable":true,"href":"https:\/\/hsg.schwerte.de\/index.php\/wp-json\/wp\/v2\/categories?post=2206"},{"taxonomy":"post_tag","embeddable":true,"href":"https:\/\/hsg.schwerte.de\/index.php\/wp-json\/wp\/v2\/tags?post=2206"}],"curies":[{"name":"wp","href":"https:\/\/api.w.org\/{rel}","templated":true}]}}