{"id":2198,"date":"2021-09-16T12:30:42","date_gmt":"2021-09-16T11:30:42","guid":{"rendered":"https:\/\/hsg.schwerte.de\/?p=2198"},"modified":"2021-09-16T12:34:42","modified_gmt":"2021-09-16T11:34:42","slug":"erster-verbandsliga-sieg-seit-zehn-jahren-und-der-machtwinner-wird-auf-haenden-getragen","status":"publish","type":"post","link":"https:\/\/hsg.schwerte.de\/index.php\/2021\/09\/16\/erster-verbandsliga-sieg-seit-zehn-jahren-und-der-machtwinner-wird-auf-haenden-getragen\/","title":{"rendered":"Erster Verbandsliga-Sieg seit zehn Jahren \u2013 und der Machtwinner wird auf H\u00e4nden getragen"},"content":{"rendered":"\n<h3 class=\"wp-block-heading\">Genau so hatten sich die Handballer der HSG Schwerte\/Westhofen den Saisonauftakt vorgestellt. Mit 21:19 zwangen die Schwerter am Samstagabend die HSG Hohenlimburg in die Knie.<\/h3>\n\n\n\n<p><em>Schwerte, 12.09.2021 von Michael Doetsch<\/em><\/p>\n\n\n\n<p>Alle\nHSG-Beteiligten wussten, bei wem sie sich in erster Linie f\u00fcr den ersten\nVerbandsligasieg seit gut zehn Jahren zu bedanken hatten: Torwart Mike Kr\u00fcner,\nder in den vergangenen Jahren kaum einmal \u00fcber den Part des zweiten Keepers\nhinter Daniel Evangelou hinausgekommen war, erhielt eine Bew\u00e4hrungschance von\nBeginn an und nutzte diese in eindrucksvoller Art und Weise. Nach Spielschluss\ntrugen die jubelnden Schwerter Spieler den Torwart nach dessen Top-Leistung auf\nH\u00e4nden.<\/p>\n\n\n\n<p>In der Schwerter Anfangsformation stand auch Nico Paukstadt, der als Spieler offenbar noch zu wertvoll ist, als dass er sich auf den Part des Trainers neben seinem Gespannpartner Tim Decker beschr\u00e4nken kann. Paukstadt musste aber schon nach einer Viertelstunde mit einer Oberschenkelblessur vom Feld, hatte dann aber kurz vor Schluss noch entscheidenden Anteil am umk\u00e4mpften Sieg, als er 47 Sekunden vor Schluss einen Siebenmeter zum 21:19-Endstand verwandelte.<\/p>\n\n\n\n<div class=\"wp-block-image\"><figure class=\"aligncenter is-resized\"><img loading=\"lazy\" decoding=\"async\" src=\"https:\/\/hsg.schwerte.de\/wp-content\/uploads\/2021\/09\/1.-Herren-Hohenlimburg-1024x512.jpeg\" alt=\"\" class=\"wp-image-2199\" width=\"476\" height=\"238\" srcset=\"https:\/\/hsg.schwerte.de\/wp-content\/uploads\/2021\/09\/1.-Herren-Hohenlimburg-1024x512.jpeg 1024w, https:\/\/hsg.schwerte.de\/wp-content\/uploads\/2021\/09\/1.-Herren-Hohenlimburg-300x150.jpeg 300w, https:\/\/hsg.schwerte.de\/wp-content\/uploads\/2021\/09\/1.-Herren-Hohenlimburg-768x384.jpeg 768w, https:\/\/hsg.schwerte.de\/wp-content\/uploads\/2021\/09\/1.-Herren-Hohenlimburg-260x130.jpeg 260w, https:\/\/hsg.schwerte.de\/wp-content\/uploads\/2021\/09\/1.-Herren-Hohenlimburg-50x25.jpeg 50w, https:\/\/hsg.schwerte.de\/wp-content\/uploads\/2021\/09\/1.-Herren-Hohenlimburg-150x75.jpeg 150w, https:\/\/hsg.schwerte.de\/wp-content\/uploads\/2021\/09\/1.-Herren-Hohenlimburg.jpeg 1280w\" sizes=\"auto, (max-width: 476px) 100vw, 476px\" \/><figcaption>Frenetisch feierte die Bank der HSG Schwerte\/Westhofen jede gelungene Aktion im Saison-Auftaktspiel gegen Hohenlimburg<br><em>\u00a9 Manuela&nbsp;Schwerte<\/em><br><\/figcaption><\/figure><\/div>\n\n\n\n<p>Tim Decker,\nder 60 Minuten als Motivator hinter der Trainerbank unterwegs war, sprach\nanschlie\u00dfend mit heiserer Stimme von einem \u201eSieg der Emotionen\u201c. Damit lag er\nnicht falsch \u2013 man konnte in der entscheidenden Schlussphase schon den Eindruck\nhaben, dass die Schwerter den Erfolg einen Tick mehr wollten als die\nersatzgeschw\u00e4cht angereisten G\u00e4ste aus der Nachbarstadt.<\/p>\n\n\n\n<p style=\"text-align:center\"><strong>Neuzugang Bj\u00f6rn St\u00fcbe als\nDeckungs-Chef<\/strong><\/p>\n\n\n\n<p>Ein\nHochgenuss f\u00fcr Handball-\u00c4stheten war die Partie von Beginn an nicht \u2013 aber das\nwar nach langer Corona-Pause wohl auch nicht zu erwarten. Die Deckungsreihen\ndominierten, was auf Schwerter Seite ma\u00dfgeblich mit dem Ex-Wellinghofer\nNeuzugang Bj\u00f6rn St\u00fcbe zu tun hatte, der nur wenige Tage nach seiner\nVerpflichtung gleich auf der zentralen Deckungsposition zum Einsatz kam.<\/p>\n\n\n\n<p>Auf der\nanderen Seite schien die weitgehend ausgeglichene Partie zugunsten der Schwerter\nzu kippen, als S\u00f6nke Bra\u00df (2), Alexandr Denissov \u201evon der Eckfahne\u201c und Toni\nMrcela aus einem 12:13-R\u00fcckstand eine 16:13-F\u00fchrung machten (47.).<\/p>\n\n\n\n<p style=\"text-align:center\"><strong>Rote Karte gegen Alexander Denissov<\/strong><\/p>\n\n\n\n<p>Doch beim\n16:17 war Hohenlimburg wieder dran. Aber die Schwerter trotzten allen\nWiderst\u00e4nden, \u00fcberstanden auch eine zu harte Rote Karte gegen Denissov (54.) und\neine zwischenzeitliche 4-gegen-6-Unterzahl schadlos. Und mit Paukstadts\nerw\u00e4hntem Siebenmetertor warten die ersten beiden Saisonpunkte in trockenen\nT\u00fcchern.<\/p>\n\n\n\n<p><strong>HSG Schwerte\/Westhofen \u2013 HSG Hohenlimburg\n21:19 (8:8)<\/strong><\/p>\n\n\n\n<p><strong>Schwerte\/Westhofen: <\/strong>Mike Kr\u00fcner, Daniel Evangelou \u2013\nLouis Weinberger, Niklas Loh\u00f6lter, Frank Weidner, Niko Paukstadt (2\/2),\nAlexandr Denissov (5), Tim Schl\u00fctz (2), Toni Mrcela (4), Lennart Schwies (1),\nBj\u00f6rn St\u00fcbe, Maximilian Kreul, S\u00f6nke Bra\u00df (3), Christoph K\u00e4mper (4), Till\nMeiser.<\/p>\n\n\n\n<p><strong>Quelle: <a href=\"https:\/\/www.ruhrnachrichten.de\/lokalsport-schwerte\/erster-verbandsliga-sieg-seit-zehn-jahren-und-der-matchwinner-wird-auf-haenden-getragen-plus-1673472.html\">Ruhrnachrichten<\/a>\ufeff<\/strong><\/p>\n","protected":false},"excerpt":{"rendered":"<p>Genau so hatten sich die Handballer der HSG Schwerte\/Westhofen den Saisonauftakt vorgestellt. Mit 21:19 zwangen<span class=\"excerpt-hellip\"> [\u2026]<\/span><\/p>\n","protected":false},"author":3,"featured_media":2199,"comment_status":"closed","ping_status":"open","sticky":false,"template":"","format":"standard","meta":{"footnotes":""},"categories":[1],"tags":[],"class_list":["post-2198","post","type-post","status-publish","format-standard","has-post-thumbnail","hentry","category-allgemein"],"_links":{"self":[{"href":"https:\/\/hsg.schwerte.de\/index.php\/wp-json\/wp\/v2\/posts\/2198","targetHints":{"allow":["GET"]}}],"collection":[{"href":"https:\/\/hsg.schwerte.de\/index.php\/wp-json\/wp\/v2\/posts"}],"about":[{"href":"https:\/\/hsg.schwerte.de\/index.php\/wp-json\/wp\/v2\/types\/post"}],"author":[{"embeddable":true,"href":"https:\/\/hsg.schwerte.de\/index.php\/wp-json\/wp\/v2\/users\/3"}],"replies":[{"embeddable":true,"href":"https:\/\/hsg.schwerte.de\/index.php\/wp-json\/wp\/v2\/comments?post=2198"}],"version-history":[{"count":3,"href":"https:\/\/hsg.schwerte.de\/index.php\/wp-json\/wp\/v2\/posts\/2198\/revisions"}],"predecessor-version":[{"id":2204,"href":"https:\/\/hsg.schwerte.de\/index.php\/wp-json\/wp\/v2\/posts\/2198\/revisions\/2204"}],"wp:featuredmedia":[{"embeddable":true,"href":"https:\/\/hsg.schwerte.de\/index.php\/wp-json\/wp\/v2\/media\/2199"}],"wp:attachment":[{"href":"https:\/\/hsg.schwerte.de\/index.php\/wp-json\/wp\/v2\/media?parent=2198"}],"wp:term":[{"taxonomy":"category","embeddable":true,"href":"https:\/\/hsg.schwerte.de\/index.php\/wp-json\/wp\/v2\/categories?post=2198"},{"taxonomy":"post_tag","embeddable":true,"href":"https:\/\/hsg.schwerte.de\/index.php\/wp-json\/wp\/v2\/tags?post=2198"}],"curies":[{"name":"wp","href":"https:\/\/api.w.org\/{rel}","templated":true}]}}