{"id":1981,"date":"2020-06-26T06:51:21","date_gmt":"2020-06-26T05:51:21","guid":{"rendered":"https:\/\/hsg.schwerte.de\/?p=1981"},"modified":"2020-06-26T06:52:30","modified_gmt":"2020-06-26T05:52:30","slug":"hv-westfalen-hat-entschieden-so-soll-auf-hv-ebene-in-der-saison-2020-21-gespielt-werden","status":"publish","type":"post","link":"https:\/\/hsg.schwerte.de\/index.php\/2020\/06\/26\/hv-westfalen-hat-entschieden-so-soll-auf-hv-ebene-in-der-saison-2020-21-gespielt-werden\/","title":{"rendered":"HV Westfalen hat entschieden: So soll auf HV-Ebene in der Saison 2020\/21 gespielt werden"},"content":{"rendered":"\n<p>Der Handballverband Westfalen hat nunmehr bekannt gegeben, wie in der Saison 2020\/21 gespielt werden soll. Saisonstart soll am Wochenende 03.\/04. Oktober sein. F\u00fcr unsere 1. Damen- und 1. Herrenmannschaft bedeutet dies im Einzelnen:<\/p>\n\n\n\n<p><strong>Frauen-Oberliga<\/strong>: Es wird zwei Vorrunden mit jeweils neun Mannschaften geben. Danach werden die jeweils ersten drei Teams um die Meisterschaft spielen. Der Sieger steigt in die 3. Liga auf. Die R\u00e4nge vier und f\u00fcnf spielen um die Platzierungen, w\u00e4hrend die Pl\u00e4tze sechs bis neun die vier Absteiger in die Verbandsligen ermitteln. Die jeweiligen Ergebnisse gegeneinander aus der Vorrunde werden mitgenommen. <\/p>\n\n\n\n<p><strong>Vorrunde A:<\/strong>&nbsp;Handball Bad Salzuflen, TuS 97 Bielefeld-J\u00f6llenbeck, TuS Brockhagen, Ibbenb\u00fcrener SpVg, HSV Minden-Nord, TSV Hahlen, Lit Tribe Germania, TV Verl, HSG Petershagen\/Lahde.<\/p>\n\n\n\n<p><strong>Vorrunde B:<\/strong>&nbsp;HC TuRa Bergkamen, SC DJK Everswinkel, SG TuRa Halden-Herbeck, SC Westfalia Kinderhaus, L\u00fcner SV, TV Einigkeit Netphen, SV Teutonia Riemke, SG ETSV Ruhrtal Witten, HSG Schwerte-Westhofen.<\/p>\n\n\n\n<p><strong>Herren-Landesliga:\u00a0<\/strong>Es wird in vier Staffeln mit jeweils zw\u00f6lf und zwei Staffeln mit jeweils elf Mannschaften gespielt. Die sechs Staffelsieger steigen in die Verbandsligen auf. In jeder Staffel steigen vier Mannschaften in die Bezirksligen ab. <\/p>\n\n\n\n<p><strong>Staffel 4:<\/strong>&nbsp;TV Beckum, SV Eintracht Dolberg, ASV Hamm III, SuS Oberaden II, VfL Kamen, SG Handball Unna Massen, SG Menden Sauerland W\u00f6lfe II, DJK SG B\u00f6sperde, TV Westfalia Halingen, TV Wickede-Ruhr, HSG Schwerte-Westhofen, SG Ruhrtal. <\/p>\n","protected":false},"excerpt":{"rendered":"<p>Der Handballverband Westfalen hat nunmehr bekannt gegeben, wie in der Saison 2020\/21 gespielt werden soll.<span class=\"excerpt-hellip\"> [\u2026]<\/span><\/p>\n","protected":false},"author":3,"featured_media":1982,"comment_status":"open","ping_status":"open","sticky":false,"template":"","format":"standard","meta":{"footnotes":""},"categories":[1,38],"tags":[],"class_list":["post-1981","post","type-post","status-publish","format-standard","has-post-thumbnail","hentry","category-allgemein","category-saison_19_20"],"_links":{"self":[{"href":"https:\/\/hsg.schwerte.de\/index.php\/wp-json\/wp\/v2\/posts\/1981","targetHints":{"allow":["GET"]}}],"collection":[{"href":"https:\/\/hsg.schwerte.de\/index.php\/wp-json\/wp\/v2\/posts"}],"about":[{"href":"https:\/\/hsg.schwerte.de\/index.php\/wp-json\/wp\/v2\/types\/post"}],"author":[{"embeddable":true,"href":"https:\/\/hsg.schwerte.de\/index.php\/wp-json\/wp\/v2\/users\/3"}],"replies":[{"embeddable":true,"href":"https:\/\/hsg.schwerte.de\/index.php\/wp-json\/wp\/v2\/comments?post=1981"}],"version-history":[{"count":3,"href":"https:\/\/hsg.schwerte.de\/index.php\/wp-json\/wp\/v2\/posts\/1981\/revisions"}],"predecessor-version":[{"id":1985,"href":"https:\/\/hsg.schwerte.de\/index.php\/wp-json\/wp\/v2\/posts\/1981\/revisions\/1985"}],"wp:featuredmedia":[{"embeddable":true,"href":"https:\/\/hsg.schwerte.de\/index.php\/wp-json\/wp\/v2\/media\/1982"}],"wp:attachment":[{"href":"https:\/\/hsg.schwerte.de\/index.php\/wp-json\/wp\/v2\/media?parent=1981"}],"wp:term":[{"taxonomy":"category","embeddable":true,"href":"https:\/\/hsg.schwerte.de\/index.php\/wp-json\/wp\/v2\/categories?post=1981"},{"taxonomy":"post_tag","embeddable":true,"href":"https:\/\/hsg.schwerte.de\/index.php\/wp-json\/wp\/v2\/tags?post=1981"}],"curies":[{"name":"wp","href":"https:\/\/api.w.org\/{rel}","templated":true}]}}