{"id":1829,"date":"2020-04-21T09:13:30","date_gmt":"2020-04-21T08:13:30","guid":{"rendered":"https:\/\/hsg.schwerte.de\/?p=1829"},"modified":"2020-04-24T08:21:58","modified_gmt":"2020-04-24T07:21:58","slug":"saisonende-2019-20-beschlossen-1-damen-steigt-in-die-oberliga-auf","status":"publish","type":"post","link":"https:\/\/hsg.schwerte.de\/index.php\/2020\/04\/21\/saisonende-2019-20-beschlossen-1-damen-steigt-in-die-oberliga-auf\/","title":{"rendered":"Saisonende 2019\/20 beschlossen &#8211; 1. Damen steigt in die Oberliga auf"},"content":{"rendered":"<p class=\"intro\" style=\"text-align: center;\">\u00a0<\/p>\n<h3>Seit Sonntagnachmittag besteht Gewissheit: Aufgrund der Coronavirus-Pandemie hat der HV Westfalen die laufende Saison nunmehr auch f\u00fcr den Seniorenbereich beendet.<\/h3>\n<p>\u00a0<\/p>\n<p>Mit einem lachenden und einem weinenden Auge haben wir die Entscheidung des HV Westfalen zur Kenntnis genommen. Nicht unerwartet hat der HV der aktuellen Situation mit der Entscheidung, die Saison 2019\/20 f\u00fcr beendet zu erkl\u00e4ren, Rechnung getragen. Aber (und hier kommen wir zum lachenden Auge): Unsere 1. Damenmannschaft steigt in das westf\u00e4lische Oberhaus auf. Erstmals hat es eine unserer Damenmannschaften in die Oberliga geschafft und ist damit in der vierth\u00f6chsten Spielklasse vertreten.\u00a0<\/p>\n\n\n<div class=\"wp-block-image\"><figure class=\"aligncenter is-resized\"><img loading=\"lazy\" decoding=\"async\" src=\"https:\/\/hsg.schwerte.de\/wp-content\/uploads\/2020\/04\/4D9D569A-53B9-47A7-A2B5-5C10D2CD19C1-1024x944.jpeg\" alt=\"\" class=\"wp-image-1831\" width=\"401\" height=\"369\" srcset=\"https:\/\/hsg.schwerte.de\/wp-content\/uploads\/2020\/04\/4D9D569A-53B9-47A7-A2B5-5C10D2CD19C1-1024x944.jpeg 1024w, https:\/\/hsg.schwerte.de\/wp-content\/uploads\/2020\/04\/4D9D569A-53B9-47A7-A2B5-5C10D2CD19C1-300x276.jpeg 300w, https:\/\/hsg.schwerte.de\/wp-content\/uploads\/2020\/04\/4D9D569A-53B9-47A7-A2B5-5C10D2CD19C1-768x708.jpeg 768w, https:\/\/hsg.schwerte.de\/wp-content\/uploads\/2020\/04\/4D9D569A-53B9-47A7-A2B5-5C10D2CD19C1-158x146.jpeg 158w, https:\/\/hsg.schwerte.de\/wp-content\/uploads\/2020\/04\/4D9D569A-53B9-47A7-A2B5-5C10D2CD19C1-50x46.jpeg 50w, https:\/\/hsg.schwerte.de\/wp-content\/uploads\/2020\/04\/4D9D569A-53B9-47A7-A2B5-5C10D2CD19C1-81x75.jpeg 81w, https:\/\/hsg.schwerte.de\/wp-content\/uploads\/2020\/04\/4D9D569A-53B9-47A7-A2B5-5C10D2CD19C1.jpeg 1122w\" sizes=\"auto, (max-width: 401px) 100vw, 401px\" \/><figcaption>Unsere 1. Damen: Dank Wildcard k\u00e4mpfen sie in der n\u00e4chsten Saison in der Oberliga um Punkte<\/figcaption><\/figure><\/div>\n\n\n\n<p>Der Verband wertete die Saison anhand einer Quotientenregelung. Infolge dieser Regelung beendete in der Verbandsligagruppe 2 der SC Westfalia Kinderhaus diese Saison als Gruppenerster und Verbandsligameister. Wildcards wurden jedoch ferner den Mannschaften zugesprochen, welche  bei Fortf\u00fchrung des Spielbetriebs den Klassenaufstieg noch aus eigener Kraft h\u00e4tten erreichen k\u00f6nnen. Daher ergingen Wildcards weiterhin an den SV Teutonia 1919 Bochum-Riemke, den L\u00fcner SV Handball sowie an die DJK Eintracht Coesfeld VBRS. Wir gratulieren dem SC Westfalia Kinderhaus zur diesj\u00e4hrigen Meisterschaft wie aber auch allen anderen Wildcard-Inhabern zu einer erfolgreichen aber leider zu k\u00fcrzen Saison.<\/p>\n\n\n\n<p>Spielberechtigt in der Oberliga! Dieses Ergebnis ist noch bemerkenswerter, wenn man bedenkt, dass unsere Damenmannschaft in der vorangegangenen Saison erst am letzten Spieltag durch eine Energieleistung den Klassenerhalt sichern konnte. Die mit Spielerinnen aus der eigenen Jugend erg\u00e4nzte Mannschaft lie\u00df sodann bereits in der Saisonvorbereitung aufhorchen und konnte in der nunmehr beendeten Saison \u00fcber einen langen Zeitraum im Spitzenfeld festsetzen. Bedingt durch die Wahrnehmung von Auslandssemestern, Verletzungen und beruflichen Verpflichtungen standen im weiteren Saisonverlauf selten alle Spielerinnen  zur Verf\u00fcgung, sodass der eine oder andere Punkt abgegeben werden musste. Das sich die Mannschaft aber dennoch die M\u00f6glichkeit erspielt hat, die nun durch den HV Westfalen geschaffene Aufstiegsm\u00f6glichkeit wahrzunehmen, ist schon eine sensationelle Geschichte.<\/p>\n\n\n\n<p>Herzlichen Gl\u00fcckwunsch an das gesamte Damenteam und alle, die diese Entwicklung und diesen einmaligen Erfolg m\u00f6glich gemacht haben. Wir freuen uns gemeinsam mit Euch auf das Abenteuer OBERLIGA! <\/p>\n","protected":false},"excerpt":{"rendered":"<p>Seit Sonntagnachmittag besteht Gewissheit: Aufgrund der Coronavirus-Pandemie hat der HV Westfalen die laufende Saison nunmehr auch f\u00fcr den Seniorenbereich beendet.<\/p>\n","protected":false},"author":3,"featured_media":1830,"comment_status":"open","ping_status":"open","sticky":false,"template":"","format":"standard","meta":{"footnotes":""},"categories":[1,38],"tags":[],"class_list":["post-1829","post","type-post","status-publish","format-standard","has-post-thumbnail","hentry","category-allgemein","category-saison_19_20"],"_links":{"self":[{"href":"https:\/\/hsg.schwerte.de\/index.php\/wp-json\/wp\/v2\/posts\/1829","targetHints":{"allow":["GET"]}}],"collection":[{"href":"https:\/\/hsg.schwerte.de\/index.php\/wp-json\/wp\/v2\/posts"}],"about":[{"href":"https:\/\/hsg.schwerte.de\/index.php\/wp-json\/wp\/v2\/types\/post"}],"author":[{"embeddable":true,"href":"https:\/\/hsg.schwerte.de\/index.php\/wp-json\/wp\/v2\/users\/3"}],"replies":[{"embeddable":true,"href":"https:\/\/hsg.schwerte.de\/index.php\/wp-json\/wp\/v2\/comments?post=1829"}],"version-history":[{"count":2,"href":"https:\/\/hsg.schwerte.de\/index.php\/wp-json\/wp\/v2\/posts\/1829\/revisions"}],"predecessor-version":[{"id":1833,"href":"https:\/\/hsg.schwerte.de\/index.php\/wp-json\/wp\/v2\/posts\/1829\/revisions\/1833"}],"wp:featuredmedia":[{"embeddable":true,"href":"https:\/\/hsg.schwerte.de\/index.php\/wp-json\/wp\/v2\/media\/1830"}],"wp:attachment":[{"href":"https:\/\/hsg.schwerte.de\/index.php\/wp-json\/wp\/v2\/media?parent=1829"}],"wp:term":[{"taxonomy":"category","embeddable":true,"href":"https:\/\/hsg.schwerte.de\/index.php\/wp-json\/wp\/v2\/categories?post=1829"},{"taxonomy":"post_tag","embeddable":true,"href":"https:\/\/hsg.schwerte.de\/index.php\/wp-json\/wp\/v2\/tags?post=1829"}],"curies":[{"name":"wp","href":"https:\/\/api.w.org\/{rel}","templated":true}]}}