{"id":1662,"date":"2019-12-18T11:11:09","date_gmt":"2019-12-18T10:11:09","guid":{"rendered":"https:\/\/hsg.schwerte.de\/?p=1662"},"modified":"2019-12-19T14:39:38","modified_gmt":"2019-12-19T13:39:38","slug":"mc1-md1-ruhr-fuechse-stuermen-in-die-verbandsliga","status":"publish","type":"post","link":"https:\/\/hsg.schwerte.de\/index.php\/2019\/12\/18\/mc1-md1-ruhr-fuechse-stuermen-in-die-verbandsliga\/","title":{"rendered":"mC1 \/ mD1: Ruhr F\u00fcchse st\u00fcrmen in die Verbandsliga"},"content":{"rendered":"\n<ul class=\"wp-block-gallery columns-2 is-cropped wp-block-gallery-1 is-layout-flex wp-block-gallery-is-layout-flex\"><li class=\"blocks-gallery-item\"><figure><img loading=\"lazy\" decoding=\"async\" width=\"800\" height=\"491\" src=\"https:\/\/hsg.schwerte.de\/wp-content\/uploads\/2019\/12\/team-mc1-Ruhr-Fuechse-1920.jpg\" alt=\"\" data-id=\"1663\" data-link=\"https:\/\/hsg.schwerte.de\/?attachment_id=1663\" class=\"wp-image-1663\" srcset=\"https:\/\/hsg.schwerte.de\/wp-content\/uploads\/2019\/12\/team-mc1-Ruhr-Fuechse-1920.jpg 800w, https:\/\/hsg.schwerte.de\/wp-content\/uploads\/2019\/12\/team-mc1-Ruhr-Fuechse-1920-300x184.jpg 300w, https:\/\/hsg.schwerte.de\/wp-content\/uploads\/2019\/12\/team-mc1-Ruhr-Fuechse-1920-768x471.jpg 768w, https:\/\/hsg.schwerte.de\/wp-content\/uploads\/2019\/12\/team-mc1-Ruhr-Fuechse-1920-238x146.jpg 238w, https:\/\/hsg.schwerte.de\/wp-content\/uploads\/2019\/12\/team-mc1-Ruhr-Fuechse-1920-50x31.jpg 50w, https:\/\/hsg.schwerte.de\/wp-content\/uploads\/2019\/12\/team-mc1-Ruhr-Fuechse-1920-122x75.jpg 122w\" sizes=\"auto, (max-width: 800px) 100vw, 800px\" \/><figcaption> Allen Grund zum Jubeln hatte die C1-Jugend der Ruhr F\u00fcchse, die sich dank der besten Saisonleistung gegen Bommern f\u00fcr die Verbandsliga qualifiziert hat.(c) Ruhr f\u00fcchse <\/figcaption><\/figure><\/li><li class=\"blocks-gallery-item\"><figure><img loading=\"lazy\" decoding=\"async\" width=\"800\" height=\"530\" src=\"https:\/\/hsg.schwerte.de\/wp-content\/uploads\/2019\/12\/team-md1-Ruhr-Fuechse-1920-1.jpg\" alt=\"\" data-id=\"1664\" data-link=\"https:\/\/hsg.schwerte.de\/?attachment_id=1664\" class=\"wp-image-1664\" srcset=\"https:\/\/hsg.schwerte.de\/wp-content\/uploads\/2019\/12\/team-md1-Ruhr-Fuechse-1920-1.jpg 800w, https:\/\/hsg.schwerte.de\/wp-content\/uploads\/2019\/12\/team-md1-Ruhr-Fuechse-1920-1-300x199.jpg 300w, https:\/\/hsg.schwerte.de\/wp-content\/uploads\/2019\/12\/team-md1-Ruhr-Fuechse-1920-1-768x509.jpg 768w, https:\/\/hsg.schwerte.de\/wp-content\/uploads\/2019\/12\/team-md1-Ruhr-Fuechse-1920-1-220x146.jpg 220w, https:\/\/hsg.schwerte.de\/wp-content\/uploads\/2019\/12\/team-md1-Ruhr-Fuechse-1920-1-50x33.jpg 50w, https:\/\/hsg.schwerte.de\/wp-content\/uploads\/2019\/12\/team-md1-Ruhr-Fuechse-1920-1-113x75.jpg 113w\" sizes=\"auto, (max-width: 800px) 100vw, 800px\" \/><figcaption>mD1<\/figcaption><\/figure><\/li><\/ul>\n\n\n\n<p><em>Schwerte, 18.12.2019 von Michael Doetsch<\/em><\/p>\n\n\n\n<p><strong>mC1:<\/strong> In der gut besuchten Sporthalle am G\u00e4nsewinkel gab es Jubel und Applaus f\u00fcr die Gastgebermannschaft: Mit der m\u00e4nnlichen C1-Jugend hat die klassenh\u00f6chste Mannschaft der Ruhrf\u00fcchse (Kooperationsteams der HVE Villigst-Ergste und HSG Schwerte\/Westhofen) durch den 28:21-Sieg gegen den direkten Konkurrenten TuS Bommern den Einzug in die Verbandsliga perfekt gemacht. <\/p>\n\n\n\n<p>Nach einer ausgeglichenen Anfangsphase gingen die Ruhrf\u00fcchse beim 7:6 (15.) erstmals in F\u00fchrung, die sie bis zum Spielende nicht mehr abgaben. Sp\u00e4testens beim Stand von 18:12 (33.) war die Vorentscheidung gefallen. <\/p>\n\n\n\n<p>Ein Sonderlob des Trainerteams David Wolff, Johannes Stolina und Sebastian Schmitz, das die beste Saisonleistung seiner Sch\u00fctzlinge gesehen hatte, bekam Nils Bleigel f\u00fcr seine starke Abwehrleistung. <\/p>\n\n\n\n<p><strong>Ruhr F\u00fcchse<\/strong> : Tobias Becker, Luca Berenberg, Nils Bleigel, Jeremy Grebe, Jonah Kathol, Lukas Harke, Nic Lamers, Louis T\u00f6nnies, Jakob Trautmann, Bastian Vanderstraeten, Johann V\u00f6ing. <\/p>\n\n\n\n<p><strong>mD1:<\/strong> Nach Anlaufschwierigkeiten in der ersten Halbzeit konnte die m\u00e4nnliche D1-Jugend der Ruhrf\u00fcchse im letzten Spiel des Jahres einen 31:19-Sieg einfahren. Wegen einer schwachen Chancenverwertung hielt sich der Schwerter Vorsprung zur Halbzeit noch im Rahmen, doch nach Wiederanpfiff waren eine Umstellung der Abwehr sowie besseres Tempospiel der Schl\u00fcssel zu einem positiven Jahresabschluss. <\/p>\n\n\n\n<p><strong>Quelle: Ruhrnachrichten\ufeff<\/strong><\/p>\n\n\n\n<p><strong>Ruhr F\u00fcchse:<\/strong> Lukas Anst\u00f6tz, Niklas Blank, Mikko Broer, Giacomo Filippelli, Kjell Gryschko, Lukas Hastedt, Julian Hollmann, Yves Krieg, Max Lindenberg, Tim Marquis, Florian Niedobetzki, Paul N\u00f6lle.<\/p>\n","protected":false},"excerpt":{"rendered":"<p>mC1 gelingt der Einzug in die Verbandsliga<\/p>\n","protected":false},"author":13,"featured_media":0,"comment_status":"closed","ping_status":"open","sticky":false,"template":"","format":"standard","meta":{"footnotes":""},"categories":[1,44,46,38],"tags":[],"class_list":["post-1662","post","type-post","status-publish","format-standard","hentry","category-allgemein","category-m-c1-jugend19-20","category-m-d1-jugend19-20","category-saison_19_20"],"_links":{"self":[{"href":"https:\/\/hsg.schwerte.de\/index.php\/wp-json\/wp\/v2\/posts\/1662","targetHints":{"allow":["GET"]}}],"collection":[{"href":"https:\/\/hsg.schwerte.de\/index.php\/wp-json\/wp\/v2\/posts"}],"about":[{"href":"https:\/\/hsg.schwerte.de\/index.php\/wp-json\/wp\/v2\/types\/post"}],"author":[{"embeddable":true,"href":"https:\/\/hsg.schwerte.de\/index.php\/wp-json\/wp\/v2\/users\/13"}],"replies":[{"embeddable":true,"href":"https:\/\/hsg.schwerte.de\/index.php\/wp-json\/wp\/v2\/comments?post=1662"}],"version-history":[{"count":8,"href":"https:\/\/hsg.schwerte.de\/index.php\/wp-json\/wp\/v2\/posts\/1662\/revisions"}],"predecessor-version":[{"id":1684,"href":"https:\/\/hsg.schwerte.de\/index.php\/wp-json\/wp\/v2\/posts\/1662\/revisions\/1684"}],"wp:attachment":[{"href":"https:\/\/hsg.schwerte.de\/index.php\/wp-json\/wp\/v2\/media?parent=1662"}],"wp:term":[{"taxonomy":"category","embeddable":true,"href":"https:\/\/hsg.schwerte.de\/index.php\/wp-json\/wp\/v2\/categories?post=1662"},{"taxonomy":"post_tag","embeddable":true,"href":"https:\/\/hsg.schwerte.de\/index.php\/wp-json\/wp\/v2\/tags?post=1662"}],"curies":[{"name":"wp","href":"https:\/\/api.w.org\/{rel}","templated":true}]}}